{"id":4955,"date":"2021-05-06T17:18:00","date_gmt":"2021-05-06T15:18:00","guid":{"rendered":"https:\/\/volontaripernatura.greenproject.info\/common\/site\/?p=4955"},"modified":"2021-05-07T17:21:39","modified_gmt":"2021-05-07T15:21:39","slug":"in-maremma-lotta-integrata-alla-marine-litter-e-allinquinamento-costiero","status":"publish","type":"post","link":"https:\/\/volontaripernatura.greenproject.info\/common\/site\/2021\/05\/06\/in-maremma-lotta-integrata-alla-marine-litter-e-allinquinamento-costiero\/","title":{"rendered":"In Maremma lotta integrata alla marine litter e all\u2019inquinamento costiero"},"content":{"rendered":"\n<p><strong>Una tavola rotonda tra Legambiente, esperti ICZM e i Comuni costieri maremmani per confrontarsi su criticit\u00e0, progettualit\u00e0 e future strategie di cooperazione territoriale per cercare di ottimizzare i risultati tutelando l\u2019ambiente, l\u2019immagine della costa maremmana e sostenendo una blue economy sempre pi\u00f9 green.<\/strong><\/p>\n\n\n\n<p>Il problema dei rifiuti marini e costieri si \u00e8 ormai trasformato in una vera emergenza che le amministrazioni locali e le imprese della filiera del mare, dalla pesca al turismo devono affrontare pressoch\u00e9 quotidianamente. Un problema che ha cause endogene, per i troppi cittadini che ancora non effettuano una corretta differenziazione dei rifiuti o peggio li abbandonano in ambiente (dal singolo rifiuto, alla piccola discarica abusiva) ed esogena per i rifiuti che si accumulano lungo costa portati dai fiumi o restituiti dalle mareggiate.<\/p>\n\n\n\n<p>In questi mesi Circolo Festambiente, grazie agli esperti del progetto ENI CBCMED Common, ha promosso tavole rotonde virtuali con i tanti operatori dell\u2019economia del mare (balneari, albergatori, diving e pescatori \u2026) per recepirne criticit\u00e0, ma soprattutto idee e disponibilit\u00e0 ad essere parte attiva della soluzione.<\/p>\n\n\n\n<p><em>\u201cUna propositivit\u00e0 che talvolta ci ha persino sorpreso \u2013 spiega Valentina Mazzarelli, coordinatrice territoriale del progetto \u2013 soprattutto per l\u2019approccio innovativo alla risoluzione del problema e la disponibilit\u00e0 a verificare con le amministrazioni come collaborare e mettere in pratica queste idee. A dimostrazione di quanto la gestione dei rifiuti urbani e costieri rappresenti una criticit\u00e0 trasversale a tutte le categorie sia come soggetti attivi (che li producono e devono smaltirli) che passivi, legato all\u2019immagine che un territorio che fa della qualit\u00e0 ambientale il suo biglietto da visita deve saper coerentemente trasmettere.\u201d<\/em><\/p>\n\n\n\n<p><strong>E anche di queste criticit\u00e0 e proposte si \u00e8 parlato il 5 maggio durante la tavola rotonda che ha riunito i Comuni di Orbetello, Monte Argentario, Isola del Giglio, Grosseto, Castiglione della Pescaia, Follonica e Scarlino.<\/strong><\/p>\n\n\n\n<p><em>\u201cOgnuno \u2013 conclude Mazzarelli \u2013 ha illustrato le tante problematiche diverse, derivanti dalle rispettive conformazioni territoriali o da vincoli dell\u2019attuale sistema di raccolta, ma tutti hanno numerosi progetti attivi o in procinto di partire proprio con questa stagione estiva. Pi\u00f9 importante, inoltre, la grande consapevolezza e disponibilit\u00e0 verso le proposte delle categorie economiche e rispetto a verificare progettualit\u00e0 comuni, da attuare nel breve e medio periodo, in modo che la costa maremmana possa lavorare in modo pi\u00f9 sistemico, ottimizzando i risultati\u201d.<\/em><\/p>\n\n\n\n<p>\u201c<em>\u00c8 stato un confronto franco e molto costruttivo per tutti \u2013 spiega Angelo Gentili, presidente di Circolo Festambiente &#8211; La costa Maremmana, da anni ormai 5 Vele, si \u00e8 sempre distinta sul panorama nazionale e alcuni Comuni sono divenuti dei veri e propri esempi. Le progettualit\u00e0 avviate o in partenza dimostrano per\u00f2 come in questi ultimi 5 anni questo territorio abbia fatto un grande salto di qualit\u00e0, con approcci sempre pi\u00f9 innovativi e sempre pi\u00f9 collegati con le realt\u00e0 che operano nel territorio e per questo destinati a raggiungere risultati promettenti. Dal canto nostro continueremo a incentivare questo cambio di passo e, anche grazie a progetti come Common, metterli in rete con altre esperienze nazionali ed internazionali perch\u00e9 dal confronto possano nascere occasioni di ulteriore crescita e innovazione per uno sviluppo territoriale sempre pi\u00f9 sostenibile\u201d.<\/em><\/p>\n\n\n\n<p><strong>E il prossimo appuntamento per i Comuni maremmani sar\u00e0 proprio quello di un confronto con i colleghi del Salento. Quest\u2019area pugliese \u00e8 infatti la seconda area pilota del progetto COMMON ed \u00e8 in fase di organizzazione per il mese di giugno un appuntamento per confrontarsi su idee e esperienze attivate nei vari territori e gettare le basi di future cooperazioni tra queste due regioni, molto simili per bellezza e economie del mare.<\/strong><\/p>\n\n\n\n<p>Il progetto COMMON \u00e8 finanziato dall&#8217;Unione Europea nell&#8217;ambito del Programma ENI CBC MED per circa 2,2milioni di euro e vede coinvolti Legambiente, l\u2019Universit\u00e0 di Siena, l\u2019Istituto Nazionale di Scienze e Tecnologie del Mare di Tunisi, il CIHEAM Bari, l\u2019ONG libanese Amwaj of the Environment, l\u2019Universit\u00e0 di Sousse e la riserva naturale di Tyre, in Libano. L&#8217;obiettivo comune \u00e8 la riduzione del marine litter in 5 aree pilota euro-mediterranee, pianificando l\u2019uso e il monitoraggio delle risorse e utilizzando un approccio partecipativo, con l\u2019ambizione di testare un modello potenzialmente trasferibile a tutto il bacino mediterraneo. Maggiori informazioni: <a href=\"http:\/\/www.enicbcmed.eu\/projects\/common\">http:\/\/www.enicbcmed.eu\/projects\/common<\/a> &#8211; <a href=\"http:\/\/www.commonproject.it\">www.commonproject.it<\/a><\/p>\n","protected":false},"excerpt":{"rendered":"<p><a href=\"https:\/\/volontaripernatura.greenproject.info\/common\/site\/2021\/05\/06\/in-maremma-lotta-integrata-alla-marine-litter-e-allinquinamento-costiero\/\" class=\"excerpt\">Una tavola rotonda tra Legambiente, esperti ICZM e i Comuni costieri maremmani per confrontarsi su criticit\u00e0, progettualit\u00e0 e future strategie di cooperazione territoriale per cercare di ottimizzare i risultati tutelando &#8230;<\/a><\/p>\n","protected":false},"author":1,"featured_media":0,"comment_status":"closed","ping_status":"open","sticky":false,"template":"","format":"standard","meta":{"footnotes":""},"categories":[38],"tags":[],"class_list":["post-4955","post","type-post","status-publish","format-standard","hentry","category-press-release"],"yoast_head":"<!-- This site is optimized with the Yoast SEO plugin v27.5 - https:\/\/yoast.com\/product\/yoast-seo-wordpress\/ -->\n<title>In Maremma lotta integrata alla marine litter e all\u2019inquinamento costiero - Common<\/title>\n<meta name=\"robots\" content=\"index, follow, max-snippet:-1, max-image-preview:large, max-video-preview:-1\" \/>\n<link rel=\"canonical\" href=\"https:\/\/volontaripernatura.greenproject.info\/common\/site\/2021\/05\/06\/in-maremma-lotta-integrata-alla-marine-litter-e-allinquinamento-costiero\/\" \/>\n<meta property=\"og:locale\" content=\"en_GB\" \/>\n<meta property=\"og:type\" content=\"article\" \/>\n<meta property=\"og:title\" content=\"In Maremma lotta integrata alla marine litter e all\u2019inquinamento costiero - Common\" \/>\n<meta property=\"og:description\" content=\"Una tavola rotonda tra Legambiente, esperti ICZM e i Comuni costieri maremmani per confrontarsi su criticit\u00e0, progettualit\u00e0 e future strategie di cooperazione territoriale per cercare di ottimizzare i risultati tutelando ...\" \/>\n<meta property=\"og:url\" content=\"https:\/\/volontaripernatura.greenproject.info\/common\/site\/2021\/05\/06\/in-maremma-lotta-integrata-alla-marine-litter-e-allinquinamento-costiero\/\" \/>\n<meta property=\"og:site_name\" content=\"Common\" \/>\n<meta property=\"article:publisher\" content=\"https:\/\/www.facebook.com\/Common.eu\/\" \/>\n<meta property=\"article:published_time\" content=\"2021-05-06T15:18:00+00:00\" \/>\n<meta property=\"article:modified_time\" content=\"2021-05-07T15:21:39+00:00\" \/>\n<meta name=\"author\" content=\"common\" \/>\n<meta name=\"twitter:card\" content=\"summary_large_image\" \/>\n<meta name=\"twitter:creator\" content=\"@common_eu\" \/>\n<meta name=\"twitter:site\" content=\"@common_eu\" \/>\n<meta name=\"twitter:label1\" content=\"Written by\" \/>\n\t<meta name=\"twitter:data1\" content=\"common\" \/>\n\t<meta name=\"twitter:label2\" content=\"Estimated reading time\" \/>\n\t<meta name=\"twitter:data2\" content=\"3 minutes\" \/>\n<script type=\"application\/ld+json\" class=\"yoast-schema-graph\">{\"@context\":\"https:\\\/\\\/schema.org\",\"@graph\":[{\"@type\":\"Article\",\"@id\":\"https:\\\/\\\/volontaripernatura.greenproject.info\\\/common\\\/site\\\/2021\\\/05\\\/06\\\/in-maremma-lotta-integrata-alla-marine-litter-e-allinquinamento-costiero\\\/#article\",\"isPartOf\":{\"@id\":\"https:\\\/\\\/volontaripernatura.greenproject.info\\\/common\\\/site\\\/2021\\\/05\\\/06\\\/in-maremma-lotta-integrata-alla-marine-litter-e-allinquinamento-costiero\\\/\"},\"author\":{\"name\":\"common\",\"@id\":\"https:\\\/\\\/volontaripernatura.greenproject.info\\\/common\\\/site\\\/#\\\/schema\\\/person\\\/2ba67ca6f834d142859344f483336352\"},\"headline\":\"In Maremma lotta integrata alla marine litter e all\u2019inquinamento costiero\",\"datePublished\":\"2021-05-06T15:18:00+00:00\",\"dateModified\":\"2021-05-07T15:21:39+00:00\",\"mainEntityOfPage\":{\"@id\":\"https:\\\/\\\/volontaripernatura.greenproject.info\\\/common\\\/site\\\/2021\\\/05\\\/06\\\/in-maremma-lotta-integrata-alla-marine-litter-e-allinquinamento-costiero\\\/\"},\"wordCount\":697,\"publisher\":{\"@id\":\"https:\\\/\\\/volontaripernatura.greenproject.info\\\/common\\\/site\\\/#organization\"},\"articleSection\":[\"Press Release\"],\"inLanguage\":\"en-GB\"},{\"@type\":\"WebPage\",\"@id\":\"https:\\\/\\\/volontaripernatura.greenproject.info\\\/common\\\/site\\\/2021\\\/05\\\/06\\\/in-maremma-lotta-integrata-alla-marine-litter-e-allinquinamento-costiero\\\/\",\"url\":\"https:\\\/\\\/volontaripernatura.greenproject.info\\\/common\\\/site\\\/2021\\\/05\\\/06\\\/in-maremma-lotta-integrata-alla-marine-litter-e-allinquinamento-costiero\\\/\",\"name\":\"In Maremma lotta integrata alla marine litter e all\u2019inquinamento costiero - Common\",\"isPartOf\":{\"@id\":\"https:\\\/\\\/volontaripernatura.greenproject.info\\\/common\\\/site\\\/#website\"},\"datePublished\":\"2021-05-06T15:18:00+00:00\",\"dateModified\":\"2021-05-07T15:21:39+00:00\",\"breadcrumb\":{\"@id\":\"https:\\\/\\\/volontaripernatura.greenproject.info\\\/common\\\/site\\\/2021\\\/05\\\/06\\\/in-maremma-lotta-integrata-alla-marine-litter-e-allinquinamento-costiero\\\/#breadcrumb\"},\"inLanguage\":\"en-GB\",\"potentialAction\":[{\"@type\":\"ReadAction\",\"target\":[\"https:\\\/\\\/volontaripernatura.greenproject.info\\\/common\\\/site\\\/2021\\\/05\\\/06\\\/in-maremma-lotta-integrata-alla-marine-litter-e-allinquinamento-costiero\\\/\"]}]},{\"@type\":\"BreadcrumbList\",\"@id\":\"https:\\\/\\\/volontaripernatura.greenproject.info\\\/common\\\/site\\\/2021\\\/05\\\/06\\\/in-maremma-lotta-integrata-alla-marine-litter-e-allinquinamento-costiero\\\/#breadcrumb\",\"itemListElement\":[{\"@type\":\"ListItem\",\"position\":1,\"name\":\"Home\",\"item\":\"https:\\\/\\\/volontaripernatura.greenproject.info\\\/common\\\/site\\\/\"},{\"@type\":\"ListItem\",\"position\":2,\"name\":\"In Maremma lotta integrata alla marine litter e all\u2019inquinamento costiero\"}]},{\"@type\":\"WebSite\",\"@id\":\"https:\\\/\\\/volontaripernatura.greenproject.info\\\/common\\\/site\\\/#website\",\"url\":\"https:\\\/\\\/volontaripernatura.greenproject.info\\\/common\\\/site\\\/\",\"name\":\"Common\",\"description\":\"We are all Med\",\"publisher\":{\"@id\":\"https:\\\/\\\/volontaripernatura.greenproject.info\\\/common\\\/site\\\/#organization\"},\"potentialAction\":[{\"@type\":\"SearchAction\",\"target\":{\"@type\":\"EntryPoint\",\"urlTemplate\":\"https:\\\/\\\/volontaripernatura.greenproject.info\\\/common\\\/site\\\/?s={search_term_string}\"},\"query-input\":{\"@type\":\"PropertyValueSpecification\",\"valueRequired\":true,\"valueName\":\"search_term_string\"}}],\"inLanguage\":\"en-GB\"},{\"@type\":\"Organization\",\"@id\":\"https:\\\/\\\/volontaripernatura.greenproject.info\\\/common\\\/site\\\/#organization\",\"name\":\"COMMON Med Project\",\"url\":\"https:\\\/\\\/volontaripernatura.greenproject.info\\\/common\\\/site\\\/\",\"logo\":{\"@type\":\"ImageObject\",\"inLanguage\":\"en-GB\",\"@id\":\"https:\\\/\\\/volontaripernatura.greenproject.info\\\/common\\\/site\\\/#\\\/schema\\\/logo\\\/image\\\/\",\"url\":\"https:\\\/\\\/volontaripernatura.greenproject.info\\\/common\\\/site\\\/wp-content\\\/uploads\\\/2020\\\/03\\\/visual_common.png\",\"contentUrl\":\"https:\\\/\\\/volontaripernatura.greenproject.info\\\/common\\\/site\\\/wp-content\\\/uploads\\\/2020\\\/03\\\/visual_common.png\",\"width\":1498,\"height\":455,\"caption\":\"COMMON Med Project\"},\"image\":{\"@id\":\"https:\\\/\\\/volontaripernatura.greenproject.info\\\/common\\\/site\\\/#\\\/schema\\\/logo\\\/image\\\/\"},\"sameAs\":[\"https:\\\/\\\/www.facebook.com\\\/Common.eu\\\/\",\"https:\\\/\\\/x.com\\\/common_eu\",\"https:\\\/\\\/www.instagram.com\\\/common.eu\\\/?hl=it\",\"https:\\\/\\\/www.youtube.com\\\/channel\\\/UCJNoGIX8C-wl4RfJLyWpT8g\"]},{\"@type\":\"Person\",\"@id\":\"https:\\\/\\\/volontaripernatura.greenproject.info\\\/common\\\/site\\\/#\\\/schema\\\/person\\\/2ba67ca6f834d142859344f483336352\",\"name\":\"common\",\"image\":{\"@type\":\"ImageObject\",\"inLanguage\":\"en-GB\",\"@id\":\"https:\\\/\\\/secure.gravatar.com\\\/avatar\\\/fc1814bc6d9ed0cdfe8326cff069f7528de9962d1209c1443fb7ee56d41c7828?s=96&d=mm&r=g\",\"url\":\"https:\\\/\\\/secure.gravatar.com\\\/avatar\\\/fc1814bc6d9ed0cdfe8326cff069f7528de9962d1209c1443fb7ee56d41c7828?s=96&d=mm&r=g\",\"contentUrl\":\"https:\\\/\\\/secure.gravatar.com\\\/avatar\\\/fc1814bc6d9ed0cdfe8326cff069f7528de9962d1209c1443fb7ee56d41c7828?s=96&d=mm&r=g\",\"caption\":\"common\"}}]}<\/script>\n<!-- \/ Yoast SEO plugin. -->","yoast_head_json":{"title":"In Maremma lotta integrata alla marine litter e all\u2019inquinamento costiero - Common","robots":{"index":"index","follow":"follow","max-snippet":"max-snippet:-1","max-image-preview":"max-image-preview:large","max-video-preview":"max-video-preview:-1"},"canonical":"https:\/\/volontaripernatura.greenproject.info\/common\/site\/2021\/05\/06\/in-maremma-lotta-integrata-alla-marine-litter-e-allinquinamento-costiero\/","og_locale":"en_GB","og_type":"article","og_title":"In Maremma lotta integrata alla marine litter e all\u2019inquinamento costiero - Common","og_description":"Una tavola rotonda tra Legambiente, esperti ICZM e i Comuni costieri maremmani per confrontarsi su criticit\u00e0, progettualit\u00e0 e future strategie di cooperazione territoriale per cercare di ottimizzare i risultati tutelando ...","og_url":"https:\/\/volontaripernatura.greenproject.info\/common\/site\/2021\/05\/06\/in-maremma-lotta-integrata-alla-marine-litter-e-allinquinamento-costiero\/","og_site_name":"Common","article_publisher":"https:\/\/www.facebook.com\/Common.eu\/","article_published_time":"2021-05-06T15:18:00+00:00","article_modified_time":"2021-05-07T15:21:39+00:00","author":"common","twitter_card":"summary_large_image","twitter_creator":"@common_eu","twitter_site":"@common_eu","twitter_misc":{"Written by":"common","Estimated reading time":"3 minutes"},"schema":{"@context":"https:\/\/schema.org","@graph":[{"@type":"Article","@id":"https:\/\/volontaripernatura.greenproject.info\/common\/site\/2021\/05\/06\/in-maremma-lotta-integrata-alla-marine-litter-e-allinquinamento-costiero\/#article","isPartOf":{"@id":"https:\/\/volontaripernatura.greenproject.info\/common\/site\/2021\/05\/06\/in-maremma-lotta-integrata-alla-marine-litter-e-allinquinamento-costiero\/"},"author":{"name":"common","@id":"https:\/\/volontaripernatura.greenproject.info\/common\/site\/#\/schema\/person\/2ba67ca6f834d142859344f483336352"},"headline":"In Maremma lotta integrata alla marine litter e all\u2019inquinamento costiero","datePublished":"2021-05-06T15:18:00+00:00","dateModified":"2021-05-07T15:21:39+00:00","mainEntityOfPage":{"@id":"https:\/\/volontaripernatura.greenproject.info\/common\/site\/2021\/05\/06\/in-maremma-lotta-integrata-alla-marine-litter-e-allinquinamento-costiero\/"},"wordCount":697,"publisher":{"@id":"https:\/\/volontaripernatura.greenproject.info\/common\/site\/#organization"},"articleSection":["Press Release"],"inLanguage":"en-GB"},{"@type":"WebPage","@id":"https:\/\/volontaripernatura.greenproject.info\/common\/site\/2021\/05\/06\/in-maremma-lotta-integrata-alla-marine-litter-e-allinquinamento-costiero\/","url":"https:\/\/volontaripernatura.greenproject.info\/common\/site\/2021\/05\/06\/in-maremma-lotta-integrata-alla-marine-litter-e-allinquinamento-costiero\/","name":"In Maremma lotta integrata alla marine litter e all\u2019inquinamento costiero - Common","isPartOf":{"@id":"https:\/\/volontaripernatura.greenproject.info\/common\/site\/#website"},"datePublished":"2021-05-06T15:18:00+00:00","dateModified":"2021-05-07T15:21:39+00:00","breadcrumb":{"@id":"https:\/\/volontaripernatura.greenproject.info\/common\/site\/2021\/05\/06\/in-maremma-lotta-integrata-alla-marine-litter-e-allinquinamento-costiero\/#breadcrumb"},"inLanguage":"en-GB","potentialAction":[{"@type":"ReadAction","target":["https:\/\/volontaripernatura.greenproject.info\/common\/site\/2021\/05\/06\/in-maremma-lotta-integrata-alla-marine-litter-e-allinquinamento-costiero\/"]}]},{"@type":"BreadcrumbList","@id":"https:\/\/volontaripernatura.greenproject.info\/common\/site\/2021\/05\/06\/in-maremma-lotta-integrata-alla-marine-litter-e-allinquinamento-costiero\/#breadcrumb","itemListElement":[{"@type":"ListItem","position":1,"name":"Home","item":"https:\/\/volontaripernatura.greenproject.info\/common\/site\/"},{"@type":"ListItem","position":2,"name":"In Maremma lotta integrata alla marine litter e all\u2019inquinamento costiero"}]},{"@type":"WebSite","@id":"https:\/\/volontaripernatura.greenproject.info\/common\/site\/#website","url":"https:\/\/volontaripernatura.greenproject.info\/common\/site\/","name":"Common","description":"We are all Med","publisher":{"@id":"https:\/\/volontaripernatura.greenproject.info\/common\/site\/#organization"},"potentialAction":[{"@type":"SearchAction","target":{"@type":"EntryPoint","urlTemplate":"https:\/\/volontaripernatura.greenproject.info\/common\/site\/?s={search_term_string}"},"query-input":{"@type":"PropertyValueSpecification","valueRequired":true,"valueName":"search_term_string"}}],"inLanguage":"en-GB"},{"@type":"Organization","@id":"https:\/\/volontaripernatura.greenproject.info\/common\/site\/#organization","name":"COMMON Med Project","url":"https:\/\/volontaripernatura.greenproject.info\/common\/site\/","logo":{"@type":"ImageObject","inLanguage":"en-GB","@id":"https:\/\/volontaripernatura.greenproject.info\/common\/site\/#\/schema\/logo\/image\/","url":"https:\/\/volontaripernatura.greenproject.info\/common\/site\/wp-content\/uploads\/2020\/03\/visual_common.png","contentUrl":"https:\/\/volontaripernatura.greenproject.info\/common\/site\/wp-content\/uploads\/2020\/03\/visual_common.png","width":1498,"height":455,"caption":"COMMON Med Project"},"image":{"@id":"https:\/\/volontaripernatura.greenproject.info\/common\/site\/#\/schema\/logo\/image\/"},"sameAs":["https:\/\/www.facebook.com\/Common.eu\/","https:\/\/x.com\/common_eu","https:\/\/www.instagram.com\/common.eu\/?hl=it","https:\/\/www.youtube.com\/channel\/UCJNoGIX8C-wl4RfJLyWpT8g"]},{"@type":"Person","@id":"https:\/\/volontaripernatura.greenproject.info\/common\/site\/#\/schema\/person\/2ba67ca6f834d142859344f483336352","name":"common","image":{"@type":"ImageObject","inLanguage":"en-GB","@id":"https:\/\/secure.gravatar.com\/avatar\/fc1814bc6d9ed0cdfe8326cff069f7528de9962d1209c1443fb7ee56d41c7828?s=96&d=mm&r=g","url":"https:\/\/secure.gravatar.com\/avatar\/fc1814bc6d9ed0cdfe8326cff069f7528de9962d1209c1443fb7ee56d41c7828?s=96&d=mm&r=g","contentUrl":"https:\/\/secure.gravatar.com\/avatar\/fc1814bc6d9ed0cdfe8326cff069f7528de9962d1209c1443fb7ee56d41c7828?s=96&d=mm&r=g","caption":"common"}}]}},"_links":{"self":[{"href":"https:\/\/volontaripernatura.greenproject.info\/common\/site\/wp-json\/wp\/v2\/posts\/4955","targetHints":{"allow":["GET"]}}],"collection":[{"href":"https:\/\/volontaripernatura.greenproject.info\/common\/site\/wp-json\/wp\/v2\/posts"}],"about":[{"href":"https:\/\/volontaripernatura.greenproject.info\/common\/site\/wp-json\/wp\/v2\/types\/post"}],"author":[{"embeddable":true,"href":"https:\/\/volontaripernatura.greenproject.info\/common\/site\/wp-json\/wp\/v2\/users\/1"}],"replies":[{"embeddable":true,"href":"https:\/\/volontaripernatura.greenproject.info\/common\/site\/wp-json\/wp\/v2\/comments?post=4955"}],"version-history":[{"count":1,"href":"https:\/\/volontaripernatura.greenproject.info\/common\/site\/wp-json\/wp\/v2\/posts\/4955\/revisions"}],"predecessor-version":[{"id":4956,"href":"https:\/\/volontaripernatura.greenproject.info\/common\/site\/wp-json\/wp\/v2\/posts\/4955\/revisions\/4956"}],"wp:attachment":[{"href":"https:\/\/volontaripernatura.greenproject.info\/common\/site\/wp-json\/wp\/v2\/media?parent=4955"}],"wp:term":[{"taxonomy":"category","embeddable":true,"href":"https:\/\/volontaripernatura.greenproject.info\/common\/site\/wp-json\/wp\/v2\/categories?post=4955"},{"taxonomy":"post_tag","embeddable":true,"href":"https:\/\/volontaripernatura.greenproject.info\/common\/site\/wp-json\/wp\/v2\/tags?post=4955"}],"curies":[{"name":"wp","href":"https:\/\/api.w.org\/{rel}","templated":true}]}}